{"id":2537,"date":"2023-12-13T20:06:05","date_gmt":"2023-12-13T20:06:05","guid":{"rendered":"https:\/\/jlvholding.com\/co\/?p=2537"},"modified":"2025-07-22T16:53:52","modified_gmt":"2025-07-22T16:53:52","slug":"conoce-a-carolina-gaviria-asistente-financiera-de-presidencia","status":"publish","type":"post","link":"https:\/\/jlvholding.com\/co\/2023\/12\/13\/conoce-a-carolina-gaviria-asistente-financiera-de-presidencia\/","title":{"rendered":"Carolina Gaviria: visi\u00f3n financiera y liderazgo estrat\u00e9gico al frente de la gesti\u00f3n corporativa"},"content":{"rendered":"<p><span style=\"font-weight: 400;\"><img decoding=\"async\" class=\" wp-image-2538 alignleft\" src=\"https:\/\/jlvholding.com\/co\/wp-content\/uploads\/2023\/12\/fotos-blog-14-576x1024.jpg\" alt=\"\" width=\"131\" height=\"233\" srcset=\"https:\/\/jlvholding.com\/co\/wp-content\/uploads\/2023\/12\/fotos-blog-14-576x1024.jpg 576w, https:\/\/jlvholding.com\/co\/wp-content\/uploads\/2023\/12\/fotos-blog-14-169x300.jpg 169w, https:\/\/jlvholding.com\/co\/wp-content\/uploads\/2023\/12\/fotos-blog-14-768x1365.jpg 768w, https:\/\/jlvholding.com\/co\/wp-content\/uploads\/2023\/12\/fotos-blog-14-864x1536.jpg 864w, https:\/\/jlvholding.com\/co\/wp-content\/uploads\/2023\/12\/fotos-blog-14-150x267.jpg 150w, https:\/\/jlvholding.com\/co\/wp-content\/uploads\/2023\/12\/fotos-blog-14.jpg 1080w\" sizes=\"(max-width: 131px) 100vw, 131px\" \/><\/span><\/p>\n<p style=\"text-align: justify;\" data-start=\"307\" data-end=\"640\">En el mundo empresarial, el crecimiento sostenible no solo depende de una buena operaci\u00f3n, sino de una visi\u00f3n clara, responsable y estrat\u00e9gica de los recursos. En ese sentido, el rol de <strong data-start=\"493\" data-end=\"513\">Carolina Gaviria<\/strong>, nuestra <strong data-start=\"523\" data-end=\"557\">Directora Ejecutiva Financiera<\/strong>, ha sido fundamental para proyectar y consolidar el desarrollo de la organizaci\u00f3n.<\/p>\n<p style=\"text-align: justify;\" data-start=\"642\" data-end=\"949\">Carolina es <strong data-start=\"654\" data-end=\"699\">profesional en Administraci\u00f3n de Mercadeo<\/strong>, con <strong data-start=\"705\" data-end=\"747\">especializaci\u00f3n en Gerencia Financiera<\/strong> y un <strong data-start=\"753\" data-end=\"797\">m\u00e1ster ejecutivo en Control Presupuestal<\/strong>, formaci\u00f3n que le ha permitido integrar conocimientos comerciales, financieros y gerenciales con un enfoque altamente t\u00e9cnico y orientado a resultados.<\/p>\n<p style=\"text-align: justify;\" data-start=\"951\" data-end=\"1373\">Su liderazgo se caracteriza por la capacidad de tomar decisiones precisas y sustentadas, dise\u00f1ar estructuras financieras sostenibles, y mantener un riguroso control sobre presupuestos, flujos de inversi\u00f3n y proyecciones de crecimiento. Bajo su direcci\u00f3n, la empresa ha fortalecido su salud financiera, optimizado sus procesos de control interno y mejorado su capacidad para responder de forma \u00e1gil a los retos del mercado.<\/p>\n<p style=\"text-align: justify;\" data-start=\"1375\" data-end=\"1621\">M\u00e1s all\u00e1 de los n\u00fameros, Carolina se destaca por su pensamiento estrat\u00e9gico, su compromiso con la transparencia, y su habilidad para construir equipos de trabajo s\u00f3lidos, enfocados en el cumplimiento de metas y la creaci\u00f3n de valor a largo plazo.<\/p>\n<p style=\"text-align: justify;\" data-start=\"1623\" data-end=\"1920\">Su presencia en la alta direcci\u00f3n de la compa\u00f1\u00eda es garant\u00eda de solidez, planeaci\u00f3n y visi\u00f3n. A trav\u00e9s de su gesti\u00f3n, ha logrado traducir los objetivos corporativos en resultados financieros tangibles, impulsando decisiones clave para el crecimiento, la innovaci\u00f3n y la sostenibilidad empresarial.<\/p>\n<p style=\"text-align: justify;\" data-start=\"1922\" data-end=\"2109\">Carolina Gaviria representa la uni\u00f3n entre disciplina financiera y liderazgo humano, un equilibrio fundamental para seguir construyendo un modelo de negocio s\u00f3lido, rentable y con futuro.<\/p>\n<p><span style=\"font-weight: 400;\">\u00a0<\/span><\/p>\n","protected":false},"excerpt":{"rendered":"<p>En el mundo empresarial, el crecimiento sostenible no solo depende de una buena operaci\u00f3n, sino de una visi\u00f3n clara, responsable y estrat\u00e9gica de los recursos. En ese sentido, el rol de Carolina Gaviria, nuestra Directora Ejecutiva Financiera, ha sido fundamental para proyectar y consolidar el desarrollo de la organizaci\u00f3n. Carolina es profesional en Administraci\u00f3n de [&hellip;]<\/p>\n","protected":false},"author":1,"featured_media":0,"comment_status":"closed","ping_status":"closed","sticky":false,"template":"","format":"standard","meta":{"_acf_changed":false,"_glsr_average":0,"_glsr_ranking":0,"_glsr_reviews":0,"footnotes":""},"categories":[14],"tags":[],"class_list":["post-2537","post","type-post","status-publish","format-standard","hentry","category-holding"],"acf":[],"yoast_head":"<!-- This site is optimized with the Yoast SEO plugin v23.4 - https:\/\/yoast.com\/wordpress\/plugins\/seo\/ -->\n<title>Carolina Gaviria: visi\u00f3n financiera y liderazgo estrat\u00e9gico al frente de la gesti\u00f3n corporativa - JLV Holding<\/title>\n<meta name=\"robots\" content=\"index, follow, max-snippet:-1, max-image-preview:large, max-video-preview:-1\" \/>\n<link rel=\"canonical\" href=\"https:\/\/jlvholding.com\/co\/2023\/12\/13\/conoce-a-carolina-gaviria-asistente-financiera-de-presidencia\/\" \/>\n<meta property=\"og:locale\" content=\"es_ES\" \/>\n<meta property=\"og:type\" content=\"article\" \/>\n<meta property=\"og:title\" content=\"Carolina Gaviria: visi\u00f3n financiera y liderazgo estrat\u00e9gico al frente de la gesti\u00f3n corporativa - JLV Holding\" \/>\n<meta property=\"og:description\" content=\"En el mundo empresarial, el crecimiento sostenible no solo depende de una buena operaci\u00f3n, sino de una visi\u00f3n clara, responsable y estrat\u00e9gica de los recursos. En ese sentido, el rol de Carolina Gaviria, nuestra Directora Ejecutiva Financiera, ha sido fundamental para proyectar y consolidar el desarrollo de la organizaci\u00f3n. Carolina es profesional en Administraci\u00f3n de [&hellip;]\" \/>\n<meta property=\"og:url\" content=\"https:\/\/jlvholding.com\/co\/2023\/12\/13\/conoce-a-carolina-gaviria-asistente-financiera-de-presidencia\/\" \/>\n<meta property=\"og:site_name\" content=\"JLV Holding\" \/>\n<meta property=\"article:published_time\" content=\"2023-12-13T20:06:05+00:00\" \/>\n<meta property=\"article:modified_time\" content=\"2025-07-22T16:53:52+00:00\" \/>\n<meta property=\"og:image\" content=\"https:\/\/jlvholding.com\/co\/wp-content\/uploads\/2023\/12\/fotos-blog-14-576x1024.jpg\" \/>\n<meta name=\"author\" content=\"admin\" \/>\n<meta name=\"twitter:card\" content=\"summary_large_image\" \/>\n<meta name=\"twitter:label1\" content=\"Escrito por\" \/>\n\t<meta name=\"twitter:data1\" content=\"admin\" \/>\n\t<meta name=\"twitter:label2\" content=\"Tiempo de lectura\" \/>\n\t<meta name=\"twitter:data2\" content=\"2 minutos\" \/>\n<script type=\"application\/ld+json\" class=\"yoast-schema-graph\">{\"@context\":\"https:\/\/schema.org\",\"@graph\":[{\"@type\":\"WebPage\",\"@id\":\"https:\/\/jlvholding.com\/co\/2023\/12\/13\/conoce-a-carolina-gaviria-asistente-financiera-de-presidencia\/\",\"url\":\"https:\/\/jlvholding.com\/co\/2023\/12\/13\/conoce-a-carolina-gaviria-asistente-financiera-de-presidencia\/\",\"name\":\"Carolina Gaviria: visi\u00f3n financiera y liderazgo estrat\u00e9gico al frente de la gesti\u00f3n corporativa - JLV Holding\",\"isPartOf\":{\"@id\":\"https:\/\/jlvholding.com\/#website\"},\"primaryImageOfPage\":{\"@id\":\"https:\/\/jlvholding.com\/co\/2023\/12\/13\/conoce-a-carolina-gaviria-asistente-financiera-de-presidencia\/#primaryimage\"},\"image\":{\"@id\":\"https:\/\/jlvholding.com\/co\/2023\/12\/13\/conoce-a-carolina-gaviria-asistente-financiera-de-presidencia\/#primaryimage\"},\"thumbnailUrl\":\"https:\/\/jlvholding.com\/co\/wp-content\/uploads\/2023\/12\/fotos-blog-14-576x1024.jpg\",\"datePublished\":\"2023-12-13T20:06:05+00:00\",\"dateModified\":\"2025-07-22T16:53:52+00:00\",\"author\":{\"@id\":\"https:\/\/jlvholding.com\/#\/schema\/person\/4a5fa92e9d149cb4ef51692248018b63\"},\"breadcrumb\":{\"@id\":\"https:\/\/jlvholding.com\/co\/2023\/12\/13\/conoce-a-carolina-gaviria-asistente-financiera-de-presidencia\/#breadcrumb\"},\"inLanguage\":\"es-CO\",\"potentialAction\":[{\"@type\":\"ReadAction\",\"target\":[\"https:\/\/jlvholding.com\/co\/2023\/12\/13\/conoce-a-carolina-gaviria-asistente-financiera-de-presidencia\/\"]}]},{\"@type\":\"ImageObject\",\"inLanguage\":\"es-CO\",\"@id\":\"https:\/\/jlvholding.com\/co\/2023\/12\/13\/conoce-a-carolina-gaviria-asistente-financiera-de-presidencia\/#primaryimage\",\"url\":\"https:\/\/jlvholding.com\/co\/wp-content\/uploads\/2023\/12\/fotos-blog-14.jpg\",\"contentUrl\":\"https:\/\/jlvholding.com\/co\/wp-content\/uploads\/2023\/12\/fotos-blog-14.jpg\",\"width\":1080,\"height\":1920},{\"@type\":\"BreadcrumbList\",\"@id\":\"https:\/\/jlvholding.com\/co\/2023\/12\/13\/conoce-a-carolina-gaviria-asistente-financiera-de-presidencia\/#breadcrumb\",\"itemListElement\":[{\"@type\":\"ListItem\",\"position\":1,\"name\":\"Inicio\",\"item\":\"https:\/\/jlvholding.com\/co\/\"},{\"@type\":\"ListItem\",\"position\":2,\"name\":\"Carolina Gaviria: visi\u00f3n financiera y liderazgo estrat\u00e9gico al frente de la gesti\u00f3n corporativa\"}]},{\"@type\":\"WebSite\",\"@id\":\"https:\/\/jlvholding.com\/#website\",\"url\":\"https:\/\/jlvholding.com\/\",\"name\":\"JLV Holding\",\"description\":\"EXPERIENCE IN MOTION\",\"potentialAction\":[{\"@type\":\"SearchAction\",\"target\":{\"@type\":\"EntryPoint\",\"urlTemplate\":\"https:\/\/jlvholding.com\/?s={search_term_string}\"},\"query-input\":{\"@type\":\"PropertyValueSpecification\",\"valueRequired\":true,\"valueName\":\"search_term_string\"}}],\"inLanguage\":\"es-CO\"},{\"@type\":\"Person\",\"@id\":\"https:\/\/jlvholding.com\/#\/schema\/person\/4a5fa92e9d149cb4ef51692248018b63\",\"name\":\"admin\",\"image\":{\"@type\":\"ImageObject\",\"inLanguage\":\"es-CO\",\"@id\":\"https:\/\/jlvholding.com\/#\/schema\/person\/image\/\",\"url\":\"https:\/\/jlvholding.com\/co\/wp-content\/litespeed\/avatar\/7d528c5851b408408a0689d0de7c3ad2.jpg?ver=1777641864\",\"contentUrl\":\"https:\/\/jlvholding.com\/co\/wp-content\/litespeed\/avatar\/7d528c5851b408408a0689d0de7c3ad2.jpg?ver=1777641864\",\"caption\":\"admin\"},\"sameAs\":[\"https:\/\/opcion1.jlvbusiness.com\"],\"url\":\"https:\/\/jlvholding.com\/co\/author\/admin\/\"}]}<\/script>\n<!-- \/ Yoast SEO plugin. -->","yoast_head_json":{"title":"Carolina Gaviria: visi\u00f3n financiera y liderazgo estrat\u00e9gico al frente de la gesti\u00f3n corporativa - JLV Holding","robots":{"index":"index","follow":"follow","max-snippet":"max-snippet:-1","max-image-preview":"max-image-preview:large","max-video-preview":"max-video-preview:-1"},"canonical":"https:\/\/jlvholding.com\/co\/2023\/12\/13\/conoce-a-carolina-gaviria-asistente-financiera-de-presidencia\/","og_locale":"es_ES","og_type":"article","og_title":"Carolina Gaviria: visi\u00f3n financiera y liderazgo estrat\u00e9gico al frente de la gesti\u00f3n corporativa - JLV Holding","og_description":"En el mundo empresarial, el crecimiento sostenible no solo depende de una buena operaci\u00f3n, sino de una visi\u00f3n clara, responsable y estrat\u00e9gica de los recursos. En ese sentido, el rol de Carolina Gaviria, nuestra Directora Ejecutiva Financiera, ha sido fundamental para proyectar y consolidar el desarrollo de la organizaci\u00f3n. Carolina es profesional en Administraci\u00f3n de [&hellip;]","og_url":"https:\/\/jlvholding.com\/co\/2023\/12\/13\/conoce-a-carolina-gaviria-asistente-financiera-de-presidencia\/","og_site_name":"JLV Holding","article_published_time":"2023-12-13T20:06:05+00:00","article_modified_time":"2025-07-22T16:53:52+00:00","og_image":[{"url":"https:\/\/jlvholding.com\/co\/wp-content\/uploads\/2023\/12\/fotos-blog-14-576x1024.jpg"}],"author":"admin","twitter_card":"summary_large_image","twitter_misc":{"Escrito por":"admin","Tiempo de lectura":"2 minutos"},"schema":{"@context":"https:\/\/schema.org","@graph":[{"@type":"WebPage","@id":"https:\/\/jlvholding.com\/co\/2023\/12\/13\/conoce-a-carolina-gaviria-asistente-financiera-de-presidencia\/","url":"https:\/\/jlvholding.com\/co\/2023\/12\/13\/conoce-a-carolina-gaviria-asistente-financiera-de-presidencia\/","name":"Carolina Gaviria: visi\u00f3n financiera y liderazgo estrat\u00e9gico al frente de la gesti\u00f3n corporativa - JLV Holding","isPartOf":{"@id":"https:\/\/jlvholding.com\/#website"},"primaryImageOfPage":{"@id":"https:\/\/jlvholding.com\/co\/2023\/12\/13\/conoce-a-carolina-gaviria-asistente-financiera-de-presidencia\/#primaryimage"},"image":{"@id":"https:\/\/jlvholding.com\/co\/2023\/12\/13\/conoce-a-carolina-gaviria-asistente-financiera-de-presidencia\/#primaryimage"},"thumbnailUrl":"https:\/\/jlvholding.com\/co\/wp-content\/uploads\/2023\/12\/fotos-blog-14-576x1024.jpg","datePublished":"2023-12-13T20:06:05+00:00","dateModified":"2025-07-22T16:53:52+00:00","author":{"@id":"https:\/\/jlvholding.com\/#\/schema\/person\/4a5fa92e9d149cb4ef51692248018b63"},"breadcrumb":{"@id":"https:\/\/jlvholding.com\/co\/2023\/12\/13\/conoce-a-carolina-gaviria-asistente-financiera-de-presidencia\/#breadcrumb"},"inLanguage":"es-CO","potentialAction":[{"@type":"ReadAction","target":["https:\/\/jlvholding.com\/co\/2023\/12\/13\/conoce-a-carolina-gaviria-asistente-financiera-de-presidencia\/"]}]},{"@type":"ImageObject","inLanguage":"es-CO","@id":"https:\/\/jlvholding.com\/co\/2023\/12\/13\/conoce-a-carolina-gaviria-asistente-financiera-de-presidencia\/#primaryimage","url":"https:\/\/jlvholding.com\/co\/wp-content\/uploads\/2023\/12\/fotos-blog-14.jpg","contentUrl":"https:\/\/jlvholding.com\/co\/wp-content\/uploads\/2023\/12\/fotos-blog-14.jpg","width":1080,"height":1920},{"@type":"BreadcrumbList","@id":"https:\/\/jlvholding.com\/co\/2023\/12\/13\/conoce-a-carolina-gaviria-asistente-financiera-de-presidencia\/#breadcrumb","itemListElement":[{"@type":"ListItem","position":1,"name":"Inicio","item":"https:\/\/jlvholding.com\/co\/"},{"@type":"ListItem","position":2,"name":"Carolina Gaviria: visi\u00f3n financiera y liderazgo estrat\u00e9gico al frente de la gesti\u00f3n corporativa"}]},{"@type":"WebSite","@id":"https:\/\/jlvholding.com\/#website","url":"https:\/\/jlvholding.com\/","name":"JLV Holding","description":"EXPERIENCE IN MOTION","potentialAction":[{"@type":"SearchAction","target":{"@type":"EntryPoint","urlTemplate":"https:\/\/jlvholding.com\/?s={search_term_string}"},"query-input":{"@type":"PropertyValueSpecification","valueRequired":true,"valueName":"search_term_string"}}],"inLanguage":"es-CO"},{"@type":"Person","@id":"https:\/\/jlvholding.com\/#\/schema\/person\/4a5fa92e9d149cb4ef51692248018b63","name":"admin","image":{"@type":"ImageObject","inLanguage":"es-CO","@id":"https:\/\/jlvholding.com\/#\/schema\/person\/image\/","url":"https:\/\/jlvholding.com\/co\/wp-content\/litespeed\/avatar\/7d528c5851b408408a0689d0de7c3ad2.jpg?ver=1777641864","contentUrl":"https:\/\/jlvholding.com\/co\/wp-content\/litespeed\/avatar\/7d528c5851b408408a0689d0de7c3ad2.jpg?ver=1777641864","caption":"admin"},"sameAs":["https:\/\/opcion1.jlvbusiness.com"],"url":"https:\/\/jlvholding.com\/co\/author\/admin\/"}]}},"_links":{"self":[{"href":"https:\/\/jlvholding.com\/co\/wp-json\/wp\/v2\/posts\/2537","targetHints":{"allow":["GET"]}}],"collection":[{"href":"https:\/\/jlvholding.com\/co\/wp-json\/wp\/v2\/posts"}],"about":[{"href":"https:\/\/jlvholding.com\/co\/wp-json\/wp\/v2\/types\/post"}],"author":[{"embeddable":true,"href":"https:\/\/jlvholding.com\/co\/wp-json\/wp\/v2\/users\/1"}],"replies":[{"embeddable":true,"href":"https:\/\/jlvholding.com\/co\/wp-json\/wp\/v2\/comments?post=2537"}],"version-history":[{"count":3,"href":"https:\/\/jlvholding.com\/co\/wp-json\/wp\/v2\/posts\/2537\/revisions"}],"predecessor-version":[{"id":3023,"href":"https:\/\/jlvholding.com\/co\/wp-json\/wp\/v2\/posts\/2537\/revisions\/3023"}],"wp:attachment":[{"href":"https:\/\/jlvholding.com\/co\/wp-json\/wp\/v2\/media?parent=2537"}],"wp:term":[{"taxonomy":"category","embeddable":true,"href":"https:\/\/jlvholding.com\/co\/wp-json\/wp\/v2\/categories?post=2537"},{"taxonomy":"post_tag","embeddable":true,"href":"https:\/\/jlvholding.com\/co\/wp-json\/wp\/v2\/tags?post=2537"}],"curies":[{"name":"wp","href":"https:\/\/api.w.org\/{rel}","templated":true}]}}