{"id":3148,"date":"2025-10-07T17:12:11","date_gmt":"2025-10-07T17:12:11","guid":{"rendered":"https:\/\/jlvholding.com\/co\/?p=3148"},"modified":"2025-10-07T17:12:11","modified_gmt":"2025-10-07T17:12:11","slug":"michelle-bermudez-soto-vision-estrategica-y-creatividad-visual-al-servicio-del-marketing","status":"publish","type":"post","link":"https:\/\/jlvholding.com\/co\/2025\/10\/07\/michelle-bermudez-soto-vision-estrategica-y-creatividad-visual-al-servicio-del-marketing\/","title":{"rendered":"Michelle Berm\u00fadez Soto: visi\u00f3n estrat\u00e9gica y creatividad visual al servicio del marketing"},"content":{"rendered":"<p data-start=\"460\" data-end=\"910\"><img fetchpriority=\"high\" decoding=\"async\" class=\"size-medium wp-image-3138 alignleft\" src=\"https:\/\/jlvholding.com\/co\/wp-content\/uploads\/2025\/10\/Sin-fondo-214x300.png\" alt=\"\" width=\"214\" height=\"300\" srcset=\"https:\/\/jlvholding.com\/co\/wp-content\/uploads\/2025\/10\/Sin-fondo-214x300.png 214w, https:\/\/jlvholding.com\/co\/wp-content\/uploads\/2025\/10\/Sin-fondo-731x1024.png 731w, https:\/\/jlvholding.com\/co\/wp-content\/uploads\/2025\/10\/Sin-fondo-768x1075.png 768w, https:\/\/jlvholding.com\/co\/wp-content\/uploads\/2025\/10\/Sin-fondo-1097x1536.png 1097w, https:\/\/jlvholding.com\/co\/wp-content\/uploads\/2025\/10\/Sin-fondo-1463x2048.png 1463w, https:\/\/jlvholding.com\/co\/wp-content\/uploads\/2025\/10\/Sin-fondo-150x210.png 150w, https:\/\/jlvholding.com\/co\/wp-content\/uploads\/2025\/10\/Sin-fondo.png 1500w\" sizes=\"(max-width: 214px) 100vw, 214px\" \/>En JLV Holding, cada pieza del equipo de marketing es clave para consolidar la comunicaci\u00f3n de nuestras marcas. Hoy resaltamos el trabajo de <strong data-start=\"601\" data-end=\"634\">Michelle Dayana Berm\u00fadez Soto<\/strong>, quien desde su rol como <strong data-start=\"660\" data-end=\"689\">Coordinadora de Marketing<\/strong>, ha demostrado una capacidad \u00fanica para transformar ideas en estrategias visuales s\u00f3lidas, y campa\u00f1as con prop\u00f3sito que conectan con el p\u00fablico en distintos frentes: desde proyectos sociales hasta marcas internacionales.<\/p>\n<p data-start=\"460\" data-end=\"910\"><strong>De la publicidad a la estrategia: un perfil integral<\/strong><\/p>\n<p data-start=\"970\" data-end=\"1424\">Michelle es publicista de la Universidad Cat\u00f3lica Luis Amig\u00f3, con una s\u00f3lida formaci\u00f3n acad\u00e9mica que se complementa con una experiencia diversa y enriquecedora. Desde muy temprano en su carrera, ha demostrado un talento especial para conjugar el pensamiento creativo con la ejecuci\u00f3n estrat\u00e9gica. En sus propias palabras, su enfoque se basa en \u201calinear lo visual con los objetivos de marca, sin perder de vista las emociones que movilizan al consumidor\u201d.<\/p>\n<p data-start=\"1426\" data-end=\"1713\">Con m\u00e1s de tres a\u00f1os de experiencia, Michelle ha liderado proyectos tanto en Colombia como en el extranjero, participando activamente en la creaci\u00f3n de identidades visuales, manuales de marca, piezas de comunicaci\u00f3n institucional y campa\u00f1as digitales con una mirada integral del negocio.<\/p>\n<h3 data-start=\"1715\" data-end=\"1750\">Creatividad que cruza fronteras<\/h3>\n<p data-start=\"1752\" data-end=\"2278\">Uno de los rasgos m\u00e1s distintivos del trabajo de Michelle ha sido su capacidad de adaptarse a entornos multiculturales. Durante el 2023 y 2024, trabaj\u00f3 con empresas estadounidenses como <strong data-start=\"1938\" data-end=\"1954\">Emmick House<\/strong> (especialistas en pintura y techos) y <strong data-start=\"1993\" data-end=\"2003\">Zaecko<\/strong> (moda y dise\u00f1o), donde lider\u00f3 estrategias de social selling, dise\u00f1o gr\u00e1fico y edici\u00f3n de contenido audiovisual para redes sociales. Este enfoque global le ha permitido aplicar mejores pr\u00e1cticas de marketing internacional a las din\u00e1micas locales de las marcas de JLV Holding.<\/p>\n<p data-start=\"2280\" data-end=\"2539\">Adem\u00e1s, ha colaborado con marcas del sector deportivo como <strong data-start=\"2339\" data-end=\"2383\">el equipo profesional de ciclismo Nubank<\/strong>, <strong data-start=\"2385\" data-end=\"2401\">EPM Ciclismo<\/strong> y el proyecto <strong data-start=\"2416\" data-end=\"2433\">Orgullo Paisa<\/strong>, desarrollando materiales visuales que refuerzan la identidad y la conexi\u00f3n emocional con los seguidores.<\/p>\n<h3 data-start=\"2541\" data-end=\"2576\">Dise\u00f1o, estrategia y compromiso<\/h3>\n<p data-start=\"2578\" data-end=\"3055\">Desde su llegada al equipo de JLV Holding, Michelle ha reforzado el enfoque estrat\u00e9gico del \u00e1rea de marketing, combinando dise\u00f1o gr\u00e1fico de alto impacto con una visi\u00f3n estructurada de campa\u00f1as de marca. Su experiencia en campa\u00f1as institucionales como la desarrollada para <strong data-start=\"2850\" data-end=\"2869\">EPM (2024-2025)<\/strong> le ha permitido afinar su criterio en cuanto a narrativa visual y objetivos comunicacionales, lo que ahora pone al servicio de nuestros proyectos VIS, fundaciones y l\u00edneas corporativas.<\/p>\n<p data-start=\"3057\" data-end=\"3291\">Entre sus habilidades destacan el dominio avanzado de herramientas como Adobe Illustrator, Photoshop y Premiere Pro, que combina con cualidades personales como el liderazgo, el trabajo en equipo, la responsabilidad y la adaptabilidad.<\/p>\n<h3 data-start=\"3293\" data-end=\"3323\">Comunicaci\u00f3n con prop\u00f3sito<\/h3>\n<p data-start=\"3325\" data-end=\"3677\">M\u00e1s all\u00e1 del dise\u00f1o, Michelle entiende que el marketing tiene un rol clave en el tejido social. Su participaci\u00f3n en proyectos acad\u00e9micos y sociales como <strong data-start=\"3478\" data-end=\"3502\">Dr. John Orlas Blair<\/strong> (campa\u00f1a institucional y social), <strong data-start=\"3537\" data-end=\"3556\">Caf\u00e9 del Cinema<\/strong> y <strong data-start=\"3559\" data-end=\"3579\">CHEC \u2013 Grupo EPM<\/strong> revelan una sensibilidad especial por los mensajes que transforman, inspiran y generan confianza.<\/p>\n<hr data-start=\"3679\" data-end=\"3682\" \/>\n<h3 data-start=\"3684\" data-end=\"3776\">\u201cEl marketing no es solo vender, es saber contar historias que valgan la pena recordar.\u201d<\/h3>\n<p data-start=\"3778\" data-end=\"4048\">Michelle no solo dise\u00f1a campa\u00f1as: construye puentes entre las marcas y las personas. Su liderazgo como Coordinadora de Marketing en JLV Holding es prueba de que la estrategia y la creatividad pueden caminar juntas, generando resultados con sentido y valor a largo plazo.<\/p>\n","protected":false},"excerpt":{"rendered":"<p>En JLV Holding, cada pieza del equipo de marketing es clave para consolidar la comunicaci\u00f3n de nuestras marcas. Hoy resaltamos el trabajo de Michelle Dayana Berm\u00fadez Soto, quien desde su rol como Coordinadora de Marketing, ha demostrado una capacidad \u00fanica para transformar ideas en estrategias visuales s\u00f3lidas, y campa\u00f1as con prop\u00f3sito que conectan con el [&hellip;]<\/p>\n","protected":false},"author":9,"featured_media":0,"comment_status":"closed","ping_status":"closed","sticky":false,"template":"","format":"standard","meta":{"_acf_changed":false,"_glsr_average":0,"_glsr_ranking":0,"_glsr_reviews":0,"footnotes":""},"categories":[14],"tags":[],"class_list":["post-3148","post","type-post","status-publish","format-standard","hentry","category-holding"],"acf":[],"yoast_head":"<!-- This site is optimized with the Yoast SEO plugin v23.4 - https:\/\/yoast.com\/wordpress\/plugins\/seo\/ -->\n<title>Michelle Berm\u00fadez Soto: visi\u00f3n estrat\u00e9gica y creatividad visual al servicio del marketing - JLV Holding<\/title>\n<meta name=\"robots\" content=\"index, follow, max-snippet:-1, max-image-preview:large, max-video-preview:-1\" \/>\n<link rel=\"canonical\" href=\"https:\/\/jlvholding.com\/co\/2025\/10\/07\/michelle-bermudez-soto-vision-estrategica-y-creatividad-visual-al-servicio-del-marketing\/\" \/>\n<meta property=\"og:locale\" content=\"es_ES\" \/>\n<meta property=\"og:type\" content=\"article\" \/>\n<meta property=\"og:title\" content=\"Michelle Berm\u00fadez Soto: visi\u00f3n estrat\u00e9gica y creatividad visual al servicio del marketing - JLV Holding\" \/>\n<meta property=\"og:description\" content=\"En JLV Holding, cada pieza del equipo de marketing es clave para consolidar la comunicaci\u00f3n de nuestras marcas. Hoy resaltamos el trabajo de Michelle Dayana Berm\u00fadez Soto, quien desde su rol como Coordinadora de Marketing, ha demostrado una capacidad \u00fanica para transformar ideas en estrategias visuales s\u00f3lidas, y campa\u00f1as con prop\u00f3sito que conectan con el [&hellip;]\" \/>\n<meta property=\"og:url\" content=\"https:\/\/jlvholding.com\/co\/2025\/10\/07\/michelle-bermudez-soto-vision-estrategica-y-creatividad-visual-al-servicio-del-marketing\/\" \/>\n<meta property=\"og:site_name\" content=\"JLV Holding\" \/>\n<meta property=\"article:published_time\" content=\"2025-10-07T17:12:11+00:00\" \/>\n<meta property=\"og:image\" content=\"https:\/\/jlvholding.com\/co\/wp-content\/uploads\/2025\/10\/Sin-fondo-214x300.png\" \/>\n<meta name=\"author\" content=\"dvasquez\" \/>\n<meta name=\"twitter:card\" content=\"summary_large_image\" \/>\n<meta name=\"twitter:label1\" content=\"Escrito por\" \/>\n\t<meta name=\"twitter:data1\" content=\"dvasquez\" \/>\n\t<meta name=\"twitter:label2\" content=\"Tiempo de lectura\" \/>\n\t<meta name=\"twitter:data2\" content=\"3 minutos\" \/>\n<script type=\"application\/ld+json\" class=\"yoast-schema-graph\">{\"@context\":\"https:\/\/schema.org\",\"@graph\":[{\"@type\":\"WebPage\",\"@id\":\"https:\/\/jlvholding.com\/co\/2025\/10\/07\/michelle-bermudez-soto-vision-estrategica-y-creatividad-visual-al-servicio-del-marketing\/\",\"url\":\"https:\/\/jlvholding.com\/co\/2025\/10\/07\/michelle-bermudez-soto-vision-estrategica-y-creatividad-visual-al-servicio-del-marketing\/\",\"name\":\"Michelle Berm\u00fadez Soto: visi\u00f3n estrat\u00e9gica y creatividad visual al servicio del marketing - JLV Holding\",\"isPartOf\":{\"@id\":\"https:\/\/jlvholding.com\/#website\"},\"primaryImageOfPage\":{\"@id\":\"https:\/\/jlvholding.com\/co\/2025\/10\/07\/michelle-bermudez-soto-vision-estrategica-y-creatividad-visual-al-servicio-del-marketing\/#primaryimage\"},\"image\":{\"@id\":\"https:\/\/jlvholding.com\/co\/2025\/10\/07\/michelle-bermudez-soto-vision-estrategica-y-creatividad-visual-al-servicio-del-marketing\/#primaryimage\"},\"thumbnailUrl\":\"https:\/\/jlvholding.com\/co\/wp-content\/uploads\/2025\/10\/Sin-fondo-214x300.png\",\"datePublished\":\"2025-10-07T17:12:11+00:00\",\"dateModified\":\"2025-10-07T17:12:11+00:00\",\"author\":{\"@id\":\"https:\/\/jlvholding.com\/#\/schema\/person\/a1346e2b537709673a8bd4e773d513e7\"},\"breadcrumb\":{\"@id\":\"https:\/\/jlvholding.com\/co\/2025\/10\/07\/michelle-bermudez-soto-vision-estrategica-y-creatividad-visual-al-servicio-del-marketing\/#breadcrumb\"},\"inLanguage\":\"es-CO\",\"potentialAction\":[{\"@type\":\"ReadAction\",\"target\":[\"https:\/\/jlvholding.com\/co\/2025\/10\/07\/michelle-bermudez-soto-vision-estrategica-y-creatividad-visual-al-servicio-del-marketing\/\"]}]},{\"@type\":\"ImageObject\",\"inLanguage\":\"es-CO\",\"@id\":\"https:\/\/jlvholding.com\/co\/2025\/10\/07\/michelle-bermudez-soto-vision-estrategica-y-creatividad-visual-al-servicio-del-marketing\/#primaryimage\",\"url\":\"https:\/\/jlvholding.com\/co\/wp-content\/uploads\/2025\/10\/Sin-fondo.png\",\"contentUrl\":\"https:\/\/jlvholding.com\/co\/wp-content\/uploads\/2025\/10\/Sin-fondo.png\",\"width\":1500,\"height\":2100},{\"@type\":\"BreadcrumbList\",\"@id\":\"https:\/\/jlvholding.com\/co\/2025\/10\/07\/michelle-bermudez-soto-vision-estrategica-y-creatividad-visual-al-servicio-del-marketing\/#breadcrumb\",\"itemListElement\":[{\"@type\":\"ListItem\",\"position\":1,\"name\":\"Inicio\",\"item\":\"https:\/\/jlvholding.com\/co\/\"},{\"@type\":\"ListItem\",\"position\":2,\"name\":\"Michelle Berm\u00fadez Soto: visi\u00f3n estrat\u00e9gica y creatividad visual al servicio del marketing\"}]},{\"@type\":\"WebSite\",\"@id\":\"https:\/\/jlvholding.com\/#website\",\"url\":\"https:\/\/jlvholding.com\/\",\"name\":\"JLV Holding\",\"description\":\"EXPERIENCE IN MOTION\",\"potentialAction\":[{\"@type\":\"SearchAction\",\"target\":{\"@type\":\"EntryPoint\",\"urlTemplate\":\"https:\/\/jlvholding.com\/?s={search_term_string}\"},\"query-input\":{\"@type\":\"PropertyValueSpecification\",\"valueRequired\":true,\"valueName\":\"search_term_string\"}}],\"inLanguage\":\"es-CO\"},{\"@type\":\"Person\",\"@id\":\"https:\/\/jlvholding.com\/#\/schema\/person\/a1346e2b537709673a8bd4e773d513e7\",\"name\":\"dvasquez\",\"image\":{\"@type\":\"ImageObject\",\"inLanguage\":\"es-CO\",\"@id\":\"https:\/\/jlvholding.com\/#\/schema\/person\/image\/\",\"url\":\"https:\/\/jlvholding.com\/co\/wp-content\/litespeed\/avatar\/657d1e5c17fd461e4ca17dda0a9c14a0.jpg?ver=1777034531\",\"contentUrl\":\"https:\/\/jlvholding.com\/co\/wp-content\/litespeed\/avatar\/657d1e5c17fd461e4ca17dda0a9c14a0.jpg?ver=1777034531\",\"caption\":\"dvasquez\"},\"url\":\"https:\/\/jlvholding.com\/co\/author\/dvasquez\/\"}]}<\/script>\n<!-- \/ Yoast SEO plugin. -->","yoast_head_json":{"title":"Michelle Berm\u00fadez Soto: visi\u00f3n estrat\u00e9gica y creatividad visual al servicio del marketing - JLV Holding","robots":{"index":"index","follow":"follow","max-snippet":"max-snippet:-1","max-image-preview":"max-image-preview:large","max-video-preview":"max-video-preview:-1"},"canonical":"https:\/\/jlvholding.com\/co\/2025\/10\/07\/michelle-bermudez-soto-vision-estrategica-y-creatividad-visual-al-servicio-del-marketing\/","og_locale":"es_ES","og_type":"article","og_title":"Michelle Berm\u00fadez Soto: visi\u00f3n estrat\u00e9gica y creatividad visual al servicio del marketing - JLV Holding","og_description":"En JLV Holding, cada pieza del equipo de marketing es clave para consolidar la comunicaci\u00f3n de nuestras marcas. Hoy resaltamos el trabajo de Michelle Dayana Berm\u00fadez Soto, quien desde su rol como Coordinadora de Marketing, ha demostrado una capacidad \u00fanica para transformar ideas en estrategias visuales s\u00f3lidas, y campa\u00f1as con prop\u00f3sito que conectan con el [&hellip;]","og_url":"https:\/\/jlvholding.com\/co\/2025\/10\/07\/michelle-bermudez-soto-vision-estrategica-y-creatividad-visual-al-servicio-del-marketing\/","og_site_name":"JLV Holding","article_published_time":"2025-10-07T17:12:11+00:00","og_image":[{"url":"https:\/\/jlvholding.com\/co\/wp-content\/uploads\/2025\/10\/Sin-fondo-214x300.png"}],"author":"dvasquez","twitter_card":"summary_large_image","twitter_misc":{"Escrito por":"dvasquez","Tiempo de lectura":"3 minutos"},"schema":{"@context":"https:\/\/schema.org","@graph":[{"@type":"WebPage","@id":"https:\/\/jlvholding.com\/co\/2025\/10\/07\/michelle-bermudez-soto-vision-estrategica-y-creatividad-visual-al-servicio-del-marketing\/","url":"https:\/\/jlvholding.com\/co\/2025\/10\/07\/michelle-bermudez-soto-vision-estrategica-y-creatividad-visual-al-servicio-del-marketing\/","name":"Michelle Berm\u00fadez Soto: visi\u00f3n estrat\u00e9gica y creatividad visual al servicio del marketing - JLV Holding","isPartOf":{"@id":"https:\/\/jlvholding.com\/#website"},"primaryImageOfPage":{"@id":"https:\/\/jlvholding.com\/co\/2025\/10\/07\/michelle-bermudez-soto-vision-estrategica-y-creatividad-visual-al-servicio-del-marketing\/#primaryimage"},"image":{"@id":"https:\/\/jlvholding.com\/co\/2025\/10\/07\/michelle-bermudez-soto-vision-estrategica-y-creatividad-visual-al-servicio-del-marketing\/#primaryimage"},"thumbnailUrl":"https:\/\/jlvholding.com\/co\/wp-content\/uploads\/2025\/10\/Sin-fondo-214x300.png","datePublished":"2025-10-07T17:12:11+00:00","dateModified":"2025-10-07T17:12:11+00:00","author":{"@id":"https:\/\/jlvholding.com\/#\/schema\/person\/a1346e2b537709673a8bd4e773d513e7"},"breadcrumb":{"@id":"https:\/\/jlvholding.com\/co\/2025\/10\/07\/michelle-bermudez-soto-vision-estrategica-y-creatividad-visual-al-servicio-del-marketing\/#breadcrumb"},"inLanguage":"es-CO","potentialAction":[{"@type":"ReadAction","target":["https:\/\/jlvholding.com\/co\/2025\/10\/07\/michelle-bermudez-soto-vision-estrategica-y-creatividad-visual-al-servicio-del-marketing\/"]}]},{"@type":"ImageObject","inLanguage":"es-CO","@id":"https:\/\/jlvholding.com\/co\/2025\/10\/07\/michelle-bermudez-soto-vision-estrategica-y-creatividad-visual-al-servicio-del-marketing\/#primaryimage","url":"https:\/\/jlvholding.com\/co\/wp-content\/uploads\/2025\/10\/Sin-fondo.png","contentUrl":"https:\/\/jlvholding.com\/co\/wp-content\/uploads\/2025\/10\/Sin-fondo.png","width":1500,"height":2100},{"@type":"BreadcrumbList","@id":"https:\/\/jlvholding.com\/co\/2025\/10\/07\/michelle-bermudez-soto-vision-estrategica-y-creatividad-visual-al-servicio-del-marketing\/#breadcrumb","itemListElement":[{"@type":"ListItem","position":1,"name":"Inicio","item":"https:\/\/jlvholding.com\/co\/"},{"@type":"ListItem","position":2,"name":"Michelle Berm\u00fadez Soto: visi\u00f3n estrat\u00e9gica y creatividad visual al servicio del marketing"}]},{"@type":"WebSite","@id":"https:\/\/jlvholding.com\/#website","url":"https:\/\/jlvholding.com\/","name":"JLV Holding","description":"EXPERIENCE IN MOTION","potentialAction":[{"@type":"SearchAction","target":{"@type":"EntryPoint","urlTemplate":"https:\/\/jlvholding.com\/?s={search_term_string}"},"query-input":{"@type":"PropertyValueSpecification","valueRequired":true,"valueName":"search_term_string"}}],"inLanguage":"es-CO"},{"@type":"Person","@id":"https:\/\/jlvholding.com\/#\/schema\/person\/a1346e2b537709673a8bd4e773d513e7","name":"dvasquez","image":{"@type":"ImageObject","inLanguage":"es-CO","@id":"https:\/\/jlvholding.com\/#\/schema\/person\/image\/","url":"https:\/\/jlvholding.com\/co\/wp-content\/litespeed\/avatar\/657d1e5c17fd461e4ca17dda0a9c14a0.jpg?ver=1777034531","contentUrl":"https:\/\/jlvholding.com\/co\/wp-content\/litespeed\/avatar\/657d1e5c17fd461e4ca17dda0a9c14a0.jpg?ver=1777034531","caption":"dvasquez"},"url":"https:\/\/jlvholding.com\/co\/author\/dvasquez\/"}]}},"_links":{"self":[{"href":"https:\/\/jlvholding.com\/co\/wp-json\/wp\/v2\/posts\/3148","targetHints":{"allow":["GET"]}}],"collection":[{"href":"https:\/\/jlvholding.com\/co\/wp-json\/wp\/v2\/posts"}],"about":[{"href":"https:\/\/jlvholding.com\/co\/wp-json\/wp\/v2\/types\/post"}],"author":[{"embeddable":true,"href":"https:\/\/jlvholding.com\/co\/wp-json\/wp\/v2\/users\/9"}],"replies":[{"embeddable":true,"href":"https:\/\/jlvholding.com\/co\/wp-json\/wp\/v2\/comments?post=3148"}],"version-history":[{"count":1,"href":"https:\/\/jlvholding.com\/co\/wp-json\/wp\/v2\/posts\/3148\/revisions"}],"predecessor-version":[{"id":3149,"href":"https:\/\/jlvholding.com\/co\/wp-json\/wp\/v2\/posts\/3148\/revisions\/3149"}],"wp:attachment":[{"href":"https:\/\/jlvholding.com\/co\/wp-json\/wp\/v2\/media?parent=3148"}],"wp:term":[{"taxonomy":"category","embeddable":true,"href":"https:\/\/jlvholding.com\/co\/wp-json\/wp\/v2\/categories?post=3148"},{"taxonomy":"post_tag","embeddable":true,"href":"https:\/\/jlvholding.com\/co\/wp-json\/wp\/v2\/tags?post=3148"}],"curies":[{"name":"wp","href":"https:\/\/api.w.org\/{rel}","templated":true}]}}